{"id":58,"date":"2024-01-15T07:21:00","date_gmt":"2024-01-15T06:21:00","guid":{"rendered":"https:\/\/ladyoscar.isisromero.it\/?p=58"},"modified":"2024-01-15T19:13:17","modified_gmt":"2024-01-15T18:13:17","slug":"alla-maniera-dei-briganti-la-grande-guerra-del-capitano-ettore-cavalli","status":"publish","type":"post","link":"https:\/\/ladyoscar.isisromero.it\/?p=58","title":{"rendered":"Alla maniera dei briganti. La Grande Guerra del capitano Ettore Cavalli"},"content":{"rendered":"\n<p><em><strong>Sabato 25 novembre le classi 3R, 5N, 5R, 5U hanno incontrato il professor Giorgio Cavalli che ha presentato il diario di guerra del nonno: \u201cAlla maniera dei briganti. La Grande Guerra del capitano Ettore Cavalli\u201d. L\u2019incontro si \u00e8 aperto con la lettura di alcuni brani da parte dei ragazzi di quinta intervallati da brevi brani di violino cui \u00e8 seguito un intenso dialogo con l\u2019autore.<\/strong><\/em><\/p>\n\n\n\n<p>\u201cAlla maniera dei briganti\u201d non \u00e8 un diario di guerra come tanti altri, anche se forse, cos\u00ec a primo impatto, \u00e8 difficile a credersi. Nemmeno io mi capacitavo della sua importanza prima dell\u2019incontro con l\u2019autore, Giorgio Cavalli, un ex professore la cui vita \u00e8 stata scombussolata da un ritrovamento inaspettato: il diario di suo nonno Ettore, uno dei tanti che la prima guerra mondiale l\u2019ha vissuta. Definirlo cos\u00ec, per\u00f2, \u00e8 a dir poco riduttivo. Ettore, con le sue parole scritte in un diario del secolo scorso, ha risvegliato in me la voglia di esprimere la mia opinione senza paura, perch\u00e9 se lui ne ha avuto il coraggio di farlo durante il fascismo allora \u00e8 davvero possibile.<\/p>\n\n\n\n<p>Prima dell\u2019incontro ammetto di non essere stata convinta della sua riuscita: \u201c\u00c8 un racconto come se ne sentono a bizzeffe\u201d mi dicevo, ma mi sono subito ricreduta nel momento in cui mi sono presentata al signor Cavalli, il nipote di Ettore. In quel momento ho realizzato quanta concretezza avesse quell\u2019incontro, e di conseguenza ammetto di essermi sentita non all\u2019altezza, perch\u00e9 poco dopo avrei dovuto leggere degli estratti di alcune pagine del suo libro. Solo allora ho capito l\u2019importanza di quella testimonianza, e di quanto il signor Cavalli si stesse esponendo per noi.<\/p>\n\n\n\n<p>Il momento di dialogo dopo le letture \u00e8 stato toccante, si \u00e8 parlato di prima guerra mondiale ma anche molto di pi\u00f9. Con parole per nulla scontate Giorgio, che mi permetto di chiamare per nome, ci ha invitati a riflettere su temi di attualit\u00e0, e lo ha fatto in maniera a mio avviso paterna. Non \u00e8 scontato oggi saper parlare di temi tanto complicati e controversi come quelli che stanno caratterizzando questi ultimi mesi, soprattutto di fronte ad una settantina di ragazzi giovani che ne hanno la testa piena. Tuttavia penso ci sia riuscito alla perfezione, perch\u00e9 con parole ponderate e semplici ha riassunto il concetto di pace, che oggi sembra essere perduto. \u201cPace non significa smettere di difendersi, non significa lasciarsi sopraffare e aspettare che finisca. Costruire la pace significa ascoltare l\u2019altro e rendere questo incontro prezioso. Proprio quando abbiamo pensieri diversi e cogliamo questo momento per confrontarci e crescere si coltiva la pace\u201d.<\/p>\n\n\n\n<p>Queste parole sono state per me, che in questo ultimo mese mi sono lasciata travolgere dagli avvenimenti di cronaca, molto importanti. Oggi pi\u00f9 che mai sento come molti altri il dovere di schierarmi, di non restare indifferente, ma a cosa serve davvero? Nero o bianco, Palestina o Israele, filorusso o filoucraino. Odio o amore. Quanto sarebbe pi\u00f9 bello il mondo se smettessimo di focalizzarci su noi stessi e sul dovere di doverci forzatamente schierare? Di fronte ad avvenimenti simili, a vittime innocenti, come possiamo dare importanza solo ad alcune vite, metterle su due bilance tarate diversamente?<\/p>\n\n\n\n<p>La pace germoglier\u00e0 solo quando tutti saremo in grado di uscire dalla nostra bolla di dolore, di incontrare il viso rigato di lacrime dell\u2019altro e non abbasseremo lo sguardo, perch\u00e9 forse ci renderemo conto che non siamo poi cos\u00ec diversi.<\/p>\n\n\n\n<p>Per questo spunto illuminante ringrazio Giorgio ed Ettore per la loro testimonianza, accomunata da un legame indissolubile che gli auguro di poter continuare a coltivare tramite questo tipo di incontri, che fanno bene alla storia e all\u2019anima.<\/p>\n\n\n\n<figure class=\"wp-block-image size-large\"><img loading=\"lazy\" decoding=\"async\" width=\"1024\" height=\"768\" src=\"https:\/\/ladyoscar.isisromero.it\/wp-content\/uploads\/2024\/01\/foto-giorgio-cavalli-1024x768.jpg\" alt=\"\" class=\"wp-image-64\" srcset=\"https:\/\/ladyoscar.isisromero.it\/wp-content\/uploads\/2024\/01\/foto-giorgio-cavalli-1024x768.jpg 1024w, https:\/\/ladyoscar.isisromero.it\/wp-content\/uploads\/2024\/01\/foto-giorgio-cavalli-300x225.jpg 300w, https:\/\/ladyoscar.isisromero.it\/wp-content\/uploads\/2024\/01\/foto-giorgio-cavalli-768x576.jpg 768w, https:\/\/ladyoscar.isisromero.it\/wp-content\/uploads\/2024\/01\/foto-giorgio-cavalli-1536x1152.jpg 1536w, https:\/\/ladyoscar.isisromero.it\/wp-content\/uploads\/2024\/01\/foto-giorgio-cavalli-2048x1536.jpg 2048w\" sizes=\"auto, (max-width: 1024px) 100vw, 1024px\" \/><\/figure>\n\n\n\n<p class=\"has-text-align-right\"><em>Claudia S. (5R)<\/em><\/p>\n","protected":false},"excerpt":{"rendered":"<p>Sabato 25 novembre le classi 3R, 5N, 5R, 5U hanno incontrato il professor Giorgio Cavalli che ha presentato il diario di guerra del nonno: \u201cAlla maniera dei briganti. La Grande Guerra del capitano Ettore Cavalli\u201d. L\u2019incontro si \u00e8 aperto con la lettura di alcuni brani da parte dei ragazzi di quinta intervallati da brevi brani [&hellip;]<\/p>\n","protected":false},"author":3,"featured_media":0,"comment_status":"open","ping_status":"closed","sticky":false,"template":"","format":"standard","meta":{"footnotes":""},"categories":[36,23],"tags":[24,25,26],"class_list":["post-58","post","type-post","status-publish","format-standard","hentry","category-eventi","category-succede-al-romero","tag-conferenza","tag-giorgio-cavalli","tag-incontro"],"_links":{"self":[{"href":"https:\/\/ladyoscar.isisromero.it\/index.php?rest_route=\/wp\/v2\/posts\/58","targetHints":{"allow":["GET"]}}],"collection":[{"href":"https:\/\/ladyoscar.isisromero.it\/index.php?rest_route=\/wp\/v2\/posts"}],"about":[{"href":"https:\/\/ladyoscar.isisromero.it\/index.php?rest_route=\/wp\/v2\/types\/post"}],"author":[{"embeddable":true,"href":"https:\/\/ladyoscar.isisromero.it\/index.php?rest_route=\/wp\/v2\/users\/3"}],"replies":[{"embeddable":true,"href":"https:\/\/ladyoscar.isisromero.it\/index.php?rest_route=%2Fwp%2Fv2%2Fcomments&post=58"}],"version-history":[{"count":2,"href":"https:\/\/ladyoscar.isisromero.it\/index.php?rest_route=\/wp\/v2\/posts\/58\/revisions"}],"predecessor-version":[{"id":65,"href":"https:\/\/ladyoscar.isisromero.it\/index.php?rest_route=\/wp\/v2\/posts\/58\/revisions\/65"}],"wp:attachment":[{"href":"https:\/\/ladyoscar.isisromero.it\/index.php?rest_route=%2Fwp%2Fv2%2Fmedia&parent=58"}],"wp:term":[{"taxonomy":"category","embeddable":true,"href":"https:\/\/ladyoscar.isisromero.it\/index.php?rest_route=%2Fwp%2Fv2%2Fcategories&post=58"},{"taxonomy":"post_tag","embeddable":true,"href":"https:\/\/ladyoscar.isisromero.it\/index.php?rest_route=%2Fwp%2Fv2%2Ftags&post=58"}],"curies":[{"name":"wp","href":"https:\/\/api.w.org\/{rel}","templated":true}]}}