{"id":365,"date":"2025-02-03T07:40:00","date_gmt":"2025-02-03T06:40:00","guid":{"rendered":"https:\/\/ladyoscar.isisromero.it\/?p=365"},"modified":"2025-02-06T22:48:05","modified_gmt":"2025-02-06T21:48:05","slug":"prevert-sole-di-notte","status":"publish","type":"post","link":"https:\/\/ladyoscar.isisromero.it\/?p=365","title":{"rendered":"Pr\u00e9vert &#8211; Sole di notte"},"content":{"rendered":"\n<h3 class=\"wp-block-heading\"><strong>Vedere il mondo attraverso la poesia &#8211; Episodio 1: L&#8217;opinione pubblica<\/strong> <\/h3>\n\n\n\n<blockquote class=\"wp-block-quote is-layout-flow wp-block-quote-is-layout-flow\">\n<p><em>L\u2019OPINIONE PUBBLICA<\/em><\/p>\n\n\n\n<p><em>-Sono felice!<\/em><\/p>\n\n\n\n<p><em>-Con che diritto?<\/em><\/p>\n\n\n\n<p><em>E lo fucilano con lo sguardo<\/em><\/p>\n\n\n\n<p><em>in attesa di meglio<\/em><\/p>\n\n\n\n<p><em>(Jaques Pr\u00e9vert<\/em> <em>&#8211; Sole di Notte)<\/em><\/p>\n<\/blockquote>\n\n\n\n<p>La felicit\u00e0, quando dichiarata apertamente, sembra quasi una provocazione. Nei versi di Pr\u00e9vert, la semplicit\u00e0 di un \u201csono felice\u201d diventa un atto di sfida, un\u2019affermazione che spiazza e infastidisce, come se l\u2019essere felici fosse una colpa o un privilegio che va giustificato. Il \u201cmeglio\u201d di cui parla Pr\u00e9vert \u2013 quell\u2019attesa continua di qualcosa di superiore \u2013 \u00e8 una trappola in cui spesso restiamo catturati: un ciclo di insoddisfazione che ci impedisce di apprezzare ci\u00f2 che abbiamo.<\/p>\n\n\n\n<p><strong>La felicit\u00e0 come emozione effimera<\/strong><\/p>\n\n\n\n<p>In psicologia, la felicit\u00e0 \u00e8 definita come un\u2019emozione intensa, ma di breve durata. Proprio per questo, il bisogno di prolungarla ci spinge a cercare continuamente qualcosa di nuovo, qualcosa che possa mantenerla viva. Ed \u00e8 qui che la felicit\u00e0 si trasforma in un\u2019ossessione: invece di viverla, la rincorriamo, convinti che risieda sempre nel \u201cmeglio\u201d che non abbiamo ancora raggiunto.<\/p>\n\n\n\n<p>La poesia di Pr\u00e9vert riflette questa dinamica: l\u2019atto semplice e spontaneo di dire \u201csono felice\u201d viene immediatamente giudicato e messo in discussione. Sembra quasi che la societ\u00e0 ci chieda di giustificare la nostra felicit\u00e0, di dimostrare che meritiamo di essere sereni.<\/p>\n\n\n\n<p><strong>L\u2019eudaimonia: una felicit\u00e0 pi\u00f9 profonda<\/strong><\/p>\n\n\n\n<p>Gli antichi greci avevano una visione diversa della felicit\u00e0. Per loro, l\u2019<em>eudaimonia<\/em> non era un\u2019emozione passeggera, ma uno stato di benessere profondo e duraturo, legato alla realizzazione personale. Non si trattava di inseguire il \u201cmeglio\u201d materiale, ma di vivere in armonia con il proprio <em>daimon<\/em>, ovvero la propria essenza pi\u00f9 autentica.<\/p>\n\n\n\n<p>Questa concezione sembra quasi opporsi al mondo descritto da Pr\u00e9vert, in cui la felicit\u00e0 autentica \u00e8 soffocata dalle aspettative altrui. L\u2019<em>eudaimonia<\/em> ci invita a guardare dentro di noi, a trovare la nostra strada senza lasciarci influenzare dai giudizi o dalle mode del momento.<\/p>\n\n\n\n<p><strong>La societ\u00e0 del consumo e il giudizio altrui<\/strong><\/p>\n\n\n\n<p>I versi di Pr\u00e9vert ci parlano di una societ\u00e0 pronta a giudicare chiunque osi essere felice senza conformarsi alle sue regole. Questo atteggiamento si riflette chiaramente nel consumismo moderno, in cui l\u2019immagine sociale conta pi\u00f9 della sostanza.<\/p>\n\n\n\n<p>Il \u201cmeglio\u201d a cui accenna Pr\u00e9vert \u00e8 il motore del nostro sistema economico: l\u2019idea che ci sia sempre qualcosa di pi\u00f9 desiderabile da ottenere, che sia un oggetto, uno status o una posizione sociale. Le nostre scelte sono guidate non tanto dai nostri bisogni autentici, ma dalle aspettative degli altri, dalle tendenze dettate dai media e dalle mode del momento. Cos\u00ec, il possesso di un bene ci fa sentire temporaneamente accettati, ma ben presto l\u2019effetto svanisce, e ci ritroviamo a inseguire un nuovo \u201cmeglio\u201d.<\/p>\n\n\n\n<p><strong>Il diritto alla felicit\u00e0 e il coraggio di essere autentici<\/strong><\/p>\n\n\n\n<p>Nel preambolo della Costituzione degli Stati Uniti del 1787, la felicit\u00e0 viene proclamata come un diritto. Ma cosa significa, davvero, considerare la felicit\u00e0 un diritto? Significa riconoscere che ogni individuo ha il diritto di essere se stesso, di vivere secondo i propri valori e desideri, senza dover rispondere ai giudizi degli altri.<\/p>\n\n\n\n<p>Eppure, nei versi di Pr\u00e9vert, vediamo quanto sia difficile esercitare questo diritto. Basta dire \u201csono felice\u201d per essere immediatamente messi sotto accusa, quasi fosse un atto di arroganza o una provocazione. La felicit\u00e0 diventa un atto di resistenza: il coraggio di rivendicare la propria autenticit\u00e0 in un mondo che cerca di uniformarci.<\/p>\n\n\n\n<p><strong>La felicit\u00e0 come ribellione<\/strong><\/p>\n\n\n\n<p>Pr\u00e9vert, con la sua poesia, ci mostra una verit\u00e0 scomoda: nella societ\u00e0 moderna, la felicit\u00e0 non \u00e8 solo un\u2019emozione, ma un atto di ribellione. Essere felici significa sfidare le aspettative, andare controcorrente, scegliere di vivere per s\u00e9 stessi e non per compiacere gli altri.<\/p>\n\n\n\n<p>La felicit\u00e0 autentica non si trova nel \u201cmeglio\u201d che ci viene promesso, ma nel saper apprezzare ci\u00f2 che gi\u00e0 abbiamo, nel coltivare la nostra essenza pi\u00f9 profonda, come suggerivano gli antichi greci. \u00c8 il coraggio di dire \u201csono felice\u201d senza chiedere il permesso, senza paura di essere \u201cfucilati con lo sguardo\u201d.<\/p>\n\n\n\n<p>Riscoprire questa felicit\u00e0 richiede un lavoro su di s\u00e9, un ritorno all\u2019essenziale. Non si tratta di avere di pi\u00f9, ma di essere di pi\u00f9: pi\u00f9 consapevoli, pi\u00f9 liberi, pi\u00f9 autentici. Forse allora, come suggerisce Pr\u00e9vert, potremo dire \u201csono felice\u201d senza doverci preoccupare di chi aspetta \u201cil meglio\u201d.<\/p>\n\n\n\n<p>&#8230; to be continued &#8230;<\/p>\n\n\n\n<p>Chiara G. (4N) e Douaa L. (4A)<\/p>\n","protected":false},"excerpt":{"rendered":"<p>Vedere il mondo attraverso la poesia &#8211; Episodio 1: L&#8217;opinione pubblica L\u2019OPINIONE PUBBLICA -Sono felice! -Con che diritto? E lo fucilano con lo sguardo in attesa di meglio (Jaques Pr\u00e9vert &#8211; Sole di Notte) La felicit\u00e0, quando dichiarata apertamente, sembra quasi una provocazione. Nei versi di Pr\u00e9vert, la semplicit\u00e0 di un \u201csono felice\u201d diventa un [&hellip;]<\/p>\n","protected":false},"author":3,"featured_media":0,"comment_status":"open","ping_status":"closed","sticky":false,"template":"","format":"standard","meta":{"footnotes":""},"categories":[71,15],"tags":[208,210,205,209,204,206,207],"class_list":["post-365","post","type-post","status-publish","format-standard","hentry","category-attorno-a-noi","category-uno-sguardo-sul-mondo","tag-felicita","tag-giudizio","tag-mondo","tag-opinione-pubblica","tag-poesia","tag-prevert","tag-sole-di-notte"],"_links":{"self":[{"href":"https:\/\/ladyoscar.isisromero.it\/index.php?rest_route=\/wp\/v2\/posts\/365","targetHints":{"allow":["GET"]}}],"collection":[{"href":"https:\/\/ladyoscar.isisromero.it\/index.php?rest_route=\/wp\/v2\/posts"}],"about":[{"href":"https:\/\/ladyoscar.isisromero.it\/index.php?rest_route=\/wp\/v2\/types\/post"}],"author":[{"embeddable":true,"href":"https:\/\/ladyoscar.isisromero.it\/index.php?rest_route=\/wp\/v2\/users\/3"}],"replies":[{"embeddable":true,"href":"https:\/\/ladyoscar.isisromero.it\/index.php?rest_route=%2Fwp%2Fv2%2Fcomments&post=365"}],"version-history":[{"count":3,"href":"https:\/\/ladyoscar.isisromero.it\/index.php?rest_route=\/wp\/v2\/posts\/365\/revisions"}],"predecessor-version":[{"id":372,"href":"https:\/\/ladyoscar.isisromero.it\/index.php?rest_route=\/wp\/v2\/posts\/365\/revisions\/372"}],"wp:attachment":[{"href":"https:\/\/ladyoscar.isisromero.it\/index.php?rest_route=%2Fwp%2Fv2%2Fmedia&parent=365"}],"wp:term":[{"taxonomy":"category","embeddable":true,"href":"https:\/\/ladyoscar.isisromero.it\/index.php?rest_route=%2Fwp%2Fv2%2Fcategories&post=365"},{"taxonomy":"post_tag","embeddable":true,"href":"https:\/\/ladyoscar.isisromero.it\/index.php?rest_route=%2Fwp%2Fv2%2Ftags&post=365"}],"curies":[{"name":"wp","href":"https:\/\/api.w.org\/{rel}","templated":true}]}}